{"id":833,"date":"2017-12-01T07:58:46","date_gmt":"2017-12-01T07:58:46","guid":{"rendered":"http:\/\/pubweb.carnet.hr\/dkst\/?p=833"},"modified":"2018-03-23T11:48:55","modified_gmt":"2018-03-23T11:48:55","slug":"medunraodni-dan-osoba-s-invaliditetom","status":"publish","type":"post","link":"https:\/\/dkst.hr\/?p=833","title":{"rendered":"Me\u0111unarodni dan osoba s invaliditetom"},"content":{"rendered":"<p>U Sveu\u010dili\u0161noj knji\u017enici u Splitu u ponedjeljak 4. prosinca u 11.00 h u sjevernoj zgradi (2. kat) prigodno \u0107e se obilje\u017eiti Me\u0111unarodni dan osoba s invaliditeteom. U programu tribine zastupljena je prezentacija &#8220;Svi smo mi biseri iste splitske kadene&#8221;- upoznajmo dio njihovih \u017eivotnih pri\u010da autorice i \u010dlanice na\u0161eg Dru\u0161tva Margite Puhari\u0107. Zatim, izlaganje dr. sc. Mirjane Nazor i mag. sc. Ade Rei\u0107 o radu udruge &#8220;Prijatelj&#8221; te Ivana Bogdanovi\u0107a, mag.povijesti i filozofije.<br \/>\nO\u010dekuje se dolazak i drugih osoba s invaliditetom. Svi su dobrodo\u0161li!<\/p>\n<p><!--more--><\/p>\n<p><img decoding=\"async\" loading=\"lazy\" class=\"alignnone size-medium wp-image-834\" src=\"http:\/\/pubweb.carnet.hr\/dkst\/wp-content\/uploads\/sites\/186\/2017\/12\/pozivnica-212x300.jpg\" alt=\"\" width=\"212\" height=\"300\" srcset=\"https:\/\/dkst.hr\/wp-content\/uploads\/2017\/12\/pozivnica-212x300.jpg 212w, https:\/\/dkst.hr\/wp-content\/uploads\/2017\/12\/pozivnica.jpg 453w\" sizes=\"(max-width: 212px) 100vw, 212px\" \/><\/p>\n","protected":false},"excerpt":{"rendered":"<p>U Sveu\u010dili\u0161noj knji\u017enici u Splitu u ponedjeljak 4. prosinca u 11.00 h u sjevernoj zgradi (2. kat) prigodno \u0107e se obilje\u017eiti Me\u0111unarodni dan osoba s invaliditeteom. U programu tribine zastupljena&#8230; <\/p>\n","protected":false},"author":1,"featured_media":1354,"comment_status":"closed","ping_status":"closed","sticky":false,"template":"","format":"standard","meta":{"pgc_meta":"","spay_email":""},"categories":[4],"tags":[],"jetpack_featured_media_url":"https:\/\/dkst.hr\/wp-content\/uploads\/2017\/12\/md_osi_2014.jpg","_links":{"self":[{"href":"https:\/\/dkst.hr\/index.php?rest_route=\/wp\/v2\/posts\/833"}],"collection":[{"href":"https:\/\/dkst.hr\/index.php?rest_route=\/wp\/v2\/posts"}],"about":[{"href":"https:\/\/dkst.hr\/index.php?rest_route=\/wp\/v2\/types\/post"}],"author":[{"embeddable":true,"href":"https:\/\/dkst.hr\/index.php?rest_route=\/wp\/v2\/users\/1"}],"replies":[{"embeddable":true,"href":"https:\/\/dkst.hr\/index.php?rest_route=%2Fwp%2Fv2%2Fcomments&post=833"}],"version-history":[{"count":1,"href":"https:\/\/dkst.hr\/index.php?rest_route=\/wp\/v2\/posts\/833\/revisions"}],"predecessor-version":[{"id":1353,"href":"https:\/\/dkst.hr\/index.php?rest_route=\/wp\/v2\/posts\/833\/revisions\/1353"}],"wp:featuredmedia":[{"embeddable":true,"href":"https:\/\/dkst.hr\/index.php?rest_route=\/wp\/v2\/media\/1354"}],"wp:attachment":[{"href":"https:\/\/dkst.hr\/index.php?rest_route=%2Fwp%2Fv2%2Fmedia&parent=833"}],"wp:term":[{"taxonomy":"category","embeddable":true,"href":"https:\/\/dkst.hr\/index.php?rest_route=%2Fwp%2Fv2%2Fcategories&post=833"},{"taxonomy":"post_tag","embeddable":true,"href":"https:\/\/dkst.hr\/index.php?rest_route=%2Fwp%2Fv2%2Ftags&post=833"}],"curies":[{"name":"wp","href":"https:\/\/api.w.org\/{rel}","templated":true}]}}