{"id":698,"date":"2017-06-09T10:07:25","date_gmt":"2017-06-09T10:07:25","guid":{"rendered":"http:\/\/pubweb.carnet.hr\/dkst\/?p=698"},"modified":"2017-06-09T10:07:25","modified_gmt":"2017-06-09T10:07:25","slug":"knjiznica-cuvarica-bastine","status":"publish","type":"post","link":"https:\/\/dkst.hr\/?p=698","title":{"rendered":"Knji\u017enica &#8211; \u010duvarica ba\u0161tine"},"content":{"rendered":"<p>Na Tvr\u0111avi Klis 19. lipnja 2017. (ponedjeljak) odr\u017eat \u0107e se \u017dupanijsko stru\u010dno vije\u0107e \u0161kolskih knji\u017eni\u010dara osnovnih \u0161kola Splitsko-dalmatinske \u017eupanije \u00a0pod naslovom Knji\u017enica \u2013 \u010duvarica ba\u0161tine. U nastavku pro\u010ditajte program skupa.<\/p>\n<p><!--more--><\/p>\n<p style=\"text-align: center\"><strong>PROGRAM<\/strong><\/p>\n<p style=\"text-align: left\">19.06. 2017. Tvr\u0111ava Klis<br \/>\nVrijeme realizacije: 8:00 \u2013 14:00<\/p>\n<p>8:00- prijave sudionika<\/p>\n<p>8:30 &#8211; Klis- doma\u0107ini Povijesna postrojba Kli\u0161ki Uskoci, vo\u0111enje po tvr\u0111avi, izvedba atraktivnih usko\u010dkih vje\u0161tina.<\/p>\n<p>\u2022 9:45 &#8211; 10:15- Renata Kolovrat, \u0161k.knji\u017eni\u010darka, O\u0160 Silvija Strahimira Kranj\u010devi\u0107a, Lovre\u0107: Ulju\u0111eni vuk, dramatizacija teksta, (sudjeluju u\u010denici)<\/p>\n<p>\u2022 10:15- 10:45 &#8211; Tea Radi\u0107, \u0161k. knji\u017eni\u010darka i Marija Novakovi\u0107, prof. hrvatskog jezika i knji\u017eevnosti, O\u0160 Srinjine, Srinjine: \u201cPolji\u010dica\u201c<\/p>\n<p>\u2022 10:45- 11: 10- Jelena Poljak, \u0161k. knji\u017eni\u010darka, O\u0160 Milna: \u201e Mala \u0161kola brodogradnje\u201c, suradnja \u0161kole i lokalne zajednice na o\u010duvanju ba\u0161tine<\/p>\n<p>\u2022 11:10- 11:30 &#8211; Katarina Blagojevi\u0107, \u0161k. knji\u017eni\u010darka, O\u0160 don Lovre Kati\u0107a, Solin: \u201e Me\u0111unarodna razmjena strani\u010dnika (bookmark exchange)\u201c, primjer dobre prakse<\/p>\n<p>Stanka 11:30- 12:00<\/p>\n<p>\u2022 12:00- 12: 20 &#8211; Marija Miji\u0107 \u010celan, \u0161k. knji\u017eni\u010darka, O\u0160 Trilj, Trilj: &#8220;Zavi\u010dajna zbirka&#8221;<\/p>\n<p>\u2022 12:20- 13:15 &#8211; Ivona Tabak, \u0161k. knji\u017eni\u010darka, Osnovna \u0161kola Ivana Lovri\u0107a, Sinj i<br \/>\nSanja Neja\u0161mi\u0107, \u0161k. knji\u017eni\u010darka, O\u0160 Vladimira Nazora, Postira: Predstavljanje novog \u017dupanijskog projekta Zzzzz (\u017dupanijska zavi\u010dajna zbirka)<\/p>\n<p>13:15-14:00<br \/>\n\u2022 Strukovno udru\u017eivanje: snaga za budu\u0107nost<br \/>\n&#8211; Dru\u0161tvo knji\u017eni\u010dara u Splitu (dr.sc. Nada Topi\u0107, predsjednica DKST),<br \/>\n&#8211; HU\u0160K (Katarina Blagojevi\u0107, dopredsjednica Podru\u017enice SD\u017d)<br \/>\n\u2022 Stru\u010dno usavr\u0161avanje, napredovanje u struci, dokumentacija u \u0161kolskoj knji\u017enici (razgovor i rasprava)<\/p>\n","protected":false},"excerpt":{"rendered":"<p>Na Tvr\u0111avi Klis 19. lipnja 2017. (ponedjeljak) odr\u017eat \u0107e se \u017dupanijsko stru\u010dno vije\u0107e \u0161kolskih knji\u017eni\u010dara osnovnih \u0161kola Splitsko-dalmatinske \u017eupanije \u00a0pod naslovom Knji\u017enica \u2013 \u010duvarica ba\u0161tine. U nastavku pro\u010ditajte program skupa.<\/p>\n","protected":false},"author":1,"featured_media":699,"comment_status":"closed","ping_status":"closed","sticky":false,"template":"","format":"standard","meta":{"pgc_meta":"","spay_email":""},"categories":[4,11],"tags":[],"jetpack_featured_media_url":"https:\/\/dkst.hr\/wp-content\/uploads\/2017\/06\/vije\u0107e.jpg","_links":{"self":[{"href":"https:\/\/dkst.hr\/index.php?rest_route=\/wp\/v2\/posts\/698"}],"collection":[{"href":"https:\/\/dkst.hr\/index.php?rest_route=\/wp\/v2\/posts"}],"about":[{"href":"https:\/\/dkst.hr\/index.php?rest_route=\/wp\/v2\/types\/post"}],"author":[{"embeddable":true,"href":"https:\/\/dkst.hr\/index.php?rest_route=\/wp\/v2\/users\/1"}],"replies":[{"embeddable":true,"href":"https:\/\/dkst.hr\/index.php?rest_route=%2Fwp%2Fv2%2Fcomments&post=698"}],"version-history":[{"count":0,"href":"https:\/\/dkst.hr\/index.php?rest_route=\/wp\/v2\/posts\/698\/revisions"}],"wp:featuredmedia":[{"embeddable":true,"href":"https:\/\/dkst.hr\/index.php?rest_route=\/wp\/v2\/media\/699"}],"wp:attachment":[{"href":"https:\/\/dkst.hr\/index.php?rest_route=%2Fwp%2Fv2%2Fmedia&parent=698"}],"wp:term":[{"taxonomy":"category","embeddable":true,"href":"https:\/\/dkst.hr\/index.php?rest_route=%2Fwp%2Fv2%2Fcategories&post=698"},{"taxonomy":"post_tag","embeddable":true,"href":"https:\/\/dkst.hr\/index.php?rest_route=%2Fwp%2Fv2%2Ftags&post=698"}],"curies":[{"name":"wp","href":"https:\/\/api.w.org\/{rel}","templated":true}]}}