{"id":2783,"date":"2025-11-12T13:12:07","date_gmt":"2025-11-12T13:12:07","guid":{"rendered":"https:\/\/dkst.hr\/?p=2783"},"modified":"2025-11-12T13:12:07","modified_gmt":"2025-11-12T13:12:07","slug":"posebno-izdanje-tribine-knjiznicar-i-po","status":"publish","type":"post","link":"https:\/\/dkst.hr\/?p=2783","title":{"rendered":"Posebno izdanje tribine \u201eKnji\u017eni\u010dar i po!\u201c"},"content":{"rendered":"<p>Povodom Mjeseca hrvatske knjige, koji se ove godine odr\u017eava pod motom \u201eOdabrali knji\u017eni\u010dari\u201c, 7. studenoga 2025. u Sredi\u0161njoj knji\u017enici GKMM Split odr\u017eano je posebno izdanje tribine \u201eKnji\u017eni\u010dar i po!\u201c, u organizaciji Dru\u0161tva knji\u017eni\u010dara u Splitu i Gradske knji\u017enice Marka Maruli\u0107a Split.<\/p>\n<p>U ime Dru\u0161tva knji\u017eni\u010dara u Splitu goste i posjetitelje pozdravila je Sanja Brbora, dopredsjednica Dru\u0161tva. Gosti tribine bili su Ivan Babi\u0107 iz Knji\u017enica grada Zagreba i Nada Topi\u0107 iz Gradske knji\u017enice Marka Maruli\u0107a Split \u2013 knji\u017eni\u010dari koji su istodobno i knji\u017eevnici, te promicatelji knjige i \u010ditanja.<\/p>\n<p>Ivan Babi\u0107 je otvorio niz tema o svakodnevici knji\u017eni\u010darskog rada i o \u201enevidljivim\u201c poslovima koji \u010desto ostaju izvan vidokruga korisnika, a \u010dine temelj uspje\u0161nog djelovanja svake knji\u017enice. Govorio je i o brojnim programima koje je pokrenuo i desetlje\u0107ima uspje\u0161no vodi u Sesvetama (\u201eKulturni \u010detvrtak u Sesvetama\u201c, \u201eSesvetski pjesni\u010dki maraton\u201c, \u201eStihotron\u201c, \u201eSvakog tjedna pjesma jedna\u201c\u2026). Osvrnuo se i na svoj prevoditeljski rad s ruskog jezika, kojim se bavi od osamdesetih godina, te na autore koji su oblikovali njegov poetski izraz.<\/p>\n<p>Nada Topi\u0107 je govorila o svojem knji\u017eni\u010darskom, znanstvenom i knji\u017eevnom radu. Iznijela je zanimljive uvide o ulozi knji\u017enica u dana\u0161njem dru\u0161tvu, o promjenama \u010ditateljskih praksi kroz povijest i o potrebi sustavne podr\u0161ke \u010ditanju. Predstavila je svoje projekte koji povezuju knji\u017eni\u010darstvo i knji\u017eevnost, poput \u010ditateljskog kluba \u201eKult(na) ura\u201c u Gradskoj knji\u017enici Solin te pjesni\u010dke tribine \u201ePoezija na katu\u201c u GKMM-u Split.<\/p>\n<p>Drugi dio tribine bio je posve\u0107en njihovom knji\u017eevnom radu, s posebnim osvrtom na zadnje objavljene zbirke pjesama \u201eChet Baker na pla\u017ei\u201c Ivana Babi\u0107a i \u201eSoba od papira\u201c Nade Topi\u0107.<\/p>\n","protected":false},"excerpt":{"rendered":"<p>Povodom Mjeseca hrvatske knjige, koji se ove godine odr\u017eava pod motom \u201eOdabrali knji\u017eni\u010dari\u201c, 7. studenoga 2025. u Sredi\u0161njoj knji\u017enici GKMM Split odr\u017eano je posebno izdanje tribine \u201eKnji\u017eni\u010dar i po!\u201c, u&#8230; <\/p>\n","protected":false},"author":2,"featured_media":2789,"comment_status":"closed","ping_status":"closed","sticky":false,"template":"","format":"standard","meta":{"pgc_meta":"","spay_email":""},"categories":[4],"tags":[],"jetpack_featured_media_url":"https:\/\/dkst.hr\/wp-content\/uploads\/2025\/11\/tribina-6.jpg","_links":{"self":[{"href":"https:\/\/dkst.hr\/index.php?rest_route=\/wp\/v2\/posts\/2783"}],"collection":[{"href":"https:\/\/dkst.hr\/index.php?rest_route=\/wp\/v2\/posts"}],"about":[{"href":"https:\/\/dkst.hr\/index.php?rest_route=\/wp\/v2\/types\/post"}],"author":[{"embeddable":true,"href":"https:\/\/dkst.hr\/index.php?rest_route=\/wp\/v2\/users\/2"}],"replies":[{"embeddable":true,"href":"https:\/\/dkst.hr\/index.php?rest_route=%2Fwp%2Fv2%2Fcomments&post=2783"}],"version-history":[{"count":1,"href":"https:\/\/dkst.hr\/index.php?rest_route=\/wp\/v2\/posts\/2783\/revisions"}],"predecessor-version":[{"id":2793,"href":"https:\/\/dkst.hr\/index.php?rest_route=\/wp\/v2\/posts\/2783\/revisions\/2793"}],"wp:featuredmedia":[{"embeddable":true,"href":"https:\/\/dkst.hr\/index.php?rest_route=\/wp\/v2\/media\/2789"}],"wp:attachment":[{"href":"https:\/\/dkst.hr\/index.php?rest_route=%2Fwp%2Fv2%2Fmedia&parent=2783"}],"wp:term":[{"taxonomy":"category","embeddable":true,"href":"https:\/\/dkst.hr\/index.php?rest_route=%2Fwp%2Fv2%2Fcategories&post=2783"},{"taxonomy":"post_tag","embeddable":true,"href":"https:\/\/dkst.hr\/index.php?rest_route=%2Fwp%2Fv2%2Ftags&post=2783"}],"curies":[{"name":"wp","href":"https:\/\/api.w.org\/{rel}","templated":true}]}}