{"id":2468,"date":"2023-04-06T16:56:33","date_gmt":"2023-04-06T16:56:33","guid":{"rendered":"http:\/\/dkst.hr\/?p=2468"},"modified":"2023-04-06T16:57:19","modified_gmt":"2023-04-06T16:57:19","slug":"nagrada-dusan-manger-mihaeli-kovacic","status":"publish","type":"post","link":"https:\/\/dkst.hr\/?p=2468","title":{"rendered":"Nagrada &#8220;Du\u0161an Manger&#8221; Mihaeli Kova\u010di\u0107"},"content":{"rendered":"\n<p>Nagradu Dru\u0161tva knji\u017eni\u010dara u Splitu \u201eDu\u0161an Manger\u201c za 2023. dobila je kolegica MIHAELA KOVA\u010cI\u0106. \u010cestitamo!<\/p>\n\n\n\n<p>Nagrada \u2013 stilizirana knjiga koju je oblikovao akademski kipar Vitold Ko\u0161ir \u2013 kolegici Mihaeli Kova\u010di\u0107 uru\u010dena je na izbornoj skup\u0161tini odr\u017eanoj 5. travnja 2023. u Sveu\u010dili\u0161noj knji\u017enici u Splitu.<\/p>\n\n\n\n<p><strong><em>Iz obrazlo\u017eenja:<\/em><\/strong><\/p>\n\n\n\n<p>Mihaela Kova\u010di\u0107 vi\u0161e od \u010detvrt stolje\u0107a uspje\u0161no vodi Odjel specijalnih zbirki Sveu\u010dili\u0161ne knji\u017enice u Splitu koji objedinjuje 4 zbirke: stare knjige i rukopisi, kartografska i glazbena te grafi\u010dka zbirka. Dobitnica je Nagrade Eva Verona (1998., na 31. Skup\u0161tini HKD-a). 2011. stekla je zvanje zvanje vi\u0161e knji\u017eni\u010darke, a 2018. knji\u017eni\u010darske savjetnice.<\/p>\n\n\n\n<p>Iznimno je aktivna \u010dlanica Dru\u0161tva knji\u017eni\u010dara u Splitu od 1993. godine. U Dru\u0161tvu je obna\u0161ala niz razli\u010ditih du\u017enosti, a pokrenula je i sudjelovala u brojnim aktivnostima Dru\u0161tva. Obna\u0161ala je du\u017enost blagajnice (1994.-2004.), u vi\u0161e je mandata bila \u010dlanica Glavnog odbora te predsjednica u \u010dak 3 mandata (2004.- 2006.; 2006.- 2008.; 2008. \u2013 2010). Bila je \u010dlanica organizacijskih odbora manifestacija Dru\u0161tva: Dani splitskih knji\u017enica (29.-30.11.2000), Stru\u010dnog skupa Knji\u017enice hrvatskih u\u010dili\u0161ta (2000.\/2001) i Kluba prijatelja knji\u017enica. Sudjelovala je i u odabiru gra\u0111e i postavljanju izlo\u017ebi: Dru\u0161tvo knji\u017eni\u010dara u Splitu u rije\u010di i slici : 1949. \u2013 1999. (Pu\u010dko otvoreno u\u010dili\u0161te, Split 7. listopada 1999.) te Posterska izlaganja \u010dlanova Dru\u0161tva knji\u017eni\u010dara u Splitu (1998. \u2013 2014.) (SVKST, Split 14. \u2013 21. listopada 2014.).<br>Poticala je i podr\u017eavala pokretanje prvih mre\u017enih stranica Dru\u0161tva 2005. godine, kao i nakladni\u0161tvo koje je rezultiralo prvom ome\u0111enom publikacijom (Vodi\u010d kroz knji\u017enice grada Splita, 2008.). O aktivnostima dru\u0161tva redovito je izvje\u0161tavala u HKD Novostima i Vjesniku bibliotekara Hrvatske. Potaknula je izradu prvih promotivnih materijala te znaka i logotipa kao likovnog identiteta Dru\u0161tva. Od 2010. do danas \u010dlanica je uredni\u0161tva Glasnika Dru\u0161tva bibliotekara Split.<br>Mihaela Kova\u010di\u0107 bila je aktivna i u tijelima HKD-a: kao \u010dlanica Glavnog odbora (2004. \u2013 2010.), kao \u010dlanica Stru\u010dnog odbor, a od 2016. do 2022. bila je \u010dlanicom Eti\u010dkog povjerenstva. I dalje je aktivna \u010dlanica Komisije za povijest knjige i knji\u017enica, kojom je u dva mandata i predsjedala (2006.-2008. i 2008.-2010.). Kao druga potpredsjednica HKD-a, bila je i \u010dlanica Hrvatskoga knji\u017eni\u010dnog vije\u0107a. Za trajanja trogodi\u0161njeg programa Informacije o Europskoj uniji o narodnim knji\u017enicama (2004. \u2013 2007.) bila je koordinatorica za Dru\u0161tvo knji\u017eni\u010dara u Splitu.<br>Odr\u017eala je 13 izlaganja na stru\u010dnim\/znanstvenim skupovima, a na poziv Odsjeka informacijskih znanosti Sveu\u010dili\u0161ta u Zadru (od 2005. do 2008.) Mihaela Kova\u010di\u0107, kao vanjska suradnica, dr\u017eala je vje\u017ebe iz nekoliko kolegija (Bibliografska organizacija i kontrola I. i II; Organizacija informacija I. i II.; Obrada stare i rijetke gra\u0111e, Uvod u knji\u017eni\u010dnu i informacijsku znanost). Priredila je i osmislila brojne knji\u017eni\u010dne izlo\u017ebe i napisala tekstova za prate\u0107e kataloge, a objavljeno joj je i 15 znanstvenih\/stru\u010dnih radova. Autorica je i 5 bibliografija i brojnih kazala.<\/p>\n\n\n\n<div class=\"wp-block-jetpack-slideshow aligncenter\" data-effect=\"slide\"><div class=\"wp-block-jetpack-slideshow_container swiper-container\"><ul class=\"wp-block-jetpack-slideshow_swiper-wrapper swiper-wrapper\"><li class=\"wp-block-jetpack-slideshow_slide swiper-slide\"><figure><img decoding=\"async\" loading=\"lazy\" width=\"1353\" height=\"1920\" alt=\"\" class=\"wp-block-jetpack-slideshow_image wp-image-2433\" data-id=\"2433\" src=\"https:\/\/dkst.hr\/wp-content\/uploads\/2023\/04\/DSC_0033.jpg\" srcset=\"https:\/\/dkst.hr\/wp-content\/uploads\/2023\/04\/DSC_0033.jpg 1353w, https:\/\/dkst.hr\/wp-content\/uploads\/2023\/04\/DSC_0033-211x300.jpg 211w, https:\/\/dkst.hr\/wp-content\/uploads\/2023\/04\/DSC_0033-722x1024.jpg 722w, https:\/\/dkst.hr\/wp-content\/uploads\/2023\/04\/DSC_0033-768x1090.jpg 768w, https:\/\/dkst.hr\/wp-content\/uploads\/2023\/04\/DSC_0033-1082x1536.jpg 1082w\" sizes=\"(max-width: 1353px) 100vw, 1353px\" \/><\/figure><\/li><li class=\"wp-block-jetpack-slideshow_slide swiper-slide\"><figure><img decoding=\"async\" loading=\"lazy\" width=\"1280\" height=\"1920\" alt=\"\" class=\"wp-block-jetpack-slideshow_image wp-image-2432\" data-id=\"2432\" src=\"https:\/\/dkst.hr\/wp-content\/uploads\/2023\/04\/DSC_0031.jpg\" srcset=\"https:\/\/dkst.hr\/wp-content\/uploads\/2023\/04\/DSC_0031.jpg 1280w, https:\/\/dkst.hr\/wp-content\/uploads\/2023\/04\/DSC_0031-200x300.jpg 200w, https:\/\/dkst.hr\/wp-content\/uploads\/2023\/04\/DSC_0031-683x1024.jpg 683w, https:\/\/dkst.hr\/wp-content\/uploads\/2023\/04\/DSC_0031-768x1152.jpg 768w, https:\/\/dkst.hr\/wp-content\/uploads\/2023\/04\/DSC_0031-1024x1536.jpg 1024w\" sizes=\"(max-width: 1280px) 100vw, 1280px\" \/><\/figure><\/li><li class=\"wp-block-jetpack-slideshow_slide swiper-slide\"><figure><img decoding=\"async\" loading=\"lazy\" width=\"1920\" height=\"1378\" alt=\"\" class=\"wp-block-jetpack-slideshow_image wp-image-2431\" data-id=\"2431\" src=\"https:\/\/dkst.hr\/wp-content\/uploads\/2023\/04\/DSC_0021.jpg\" srcset=\"https:\/\/dkst.hr\/wp-content\/uploads\/2023\/04\/DSC_0021.jpg 1920w, https:\/\/dkst.hr\/wp-content\/uploads\/2023\/04\/DSC_0021-300x215.jpg 300w, https:\/\/dkst.hr\/wp-content\/uploads\/2023\/04\/DSC_0021-1024x735.jpg 1024w, https:\/\/dkst.hr\/wp-content\/uploads\/2023\/04\/DSC_0021-768x551.jpg 768w, https:\/\/dkst.hr\/wp-content\/uploads\/2023\/04\/DSC_0021-1536x1102.jpg 1536w\" sizes=\"(max-width: 1920px) 100vw, 1920px\" \/><\/figure><\/li><li class=\"wp-block-jetpack-slideshow_slide swiper-slide\"><figure><img decoding=\"async\" loading=\"lazy\" width=\"1920\" height=\"1375\" alt=\"\" class=\"wp-block-jetpack-slideshow_image wp-image-2430\" data-id=\"2430\" src=\"https:\/\/dkst.hr\/wp-content\/uploads\/2023\/04\/DSC_0019.jpg\" srcset=\"https:\/\/dkst.hr\/wp-content\/uploads\/2023\/04\/DSC_0019.jpg 1920w, https:\/\/dkst.hr\/wp-content\/uploads\/2023\/04\/DSC_0019-300x215.jpg 300w, https:\/\/dkst.hr\/wp-content\/uploads\/2023\/04\/DSC_0019-1024x733.jpg 1024w, https:\/\/dkst.hr\/wp-content\/uploads\/2023\/04\/DSC_0019-768x550.jpg 768w, https:\/\/dkst.hr\/wp-content\/uploads\/2023\/04\/DSC_0019-1536x1100.jpg 1536w\" sizes=\"(max-width: 1920px) 100vw, 1920px\" \/><\/figure><\/li><li class=\"wp-block-jetpack-slideshow_slide swiper-slide\"><figure><img decoding=\"async\" loading=\"lazy\" width=\"960\" height=\"699\" alt=\"\" class=\"wp-block-jetpack-slideshow_image wp-image-2085\" data-id=\"2085\" src=\"https:\/\/dkst.hr\/wp-content\/uploads\/2020\/04\/Nagrada-fotka.jpg\" srcset=\"https:\/\/dkst.hr\/wp-content\/uploads\/2020\/04\/Nagrada-fotka.jpg 960w, https:\/\/dkst.hr\/wp-content\/uploads\/2020\/04\/Nagrada-fotka-300x218.jpg 300w, https:\/\/dkst.hr\/wp-content\/uploads\/2020\/04\/Nagrada-fotka-768x559.jpg 768w\" sizes=\"(max-width: 960px) 100vw, 960px\" \/><\/figure><\/li><\/ul><a class=\"wp-block-jetpack-slideshow_button-prev swiper-button-prev swiper-button-white\" role=\"button\"><\/a><a class=\"wp-block-jetpack-slideshow_button-next swiper-button-next swiper-button-white\" role=\"button\"><\/a><a aria-label=\"Pause Slideshow\" class=\"wp-block-jetpack-slideshow_button-pause\" role=\"button\"><\/a><div class=\"wp-block-jetpack-slideshow_pagination swiper-pagination swiper-pagination-white\"><\/div><\/div><\/div>\n","protected":false},"excerpt":{"rendered":"<p>Nagradu Dru\u0161tva knji\u017eni\u010dara u Splitu \u201eDu\u0161an Manger\u201c za 2023. dobila je kolegica MIHAELA KOVA\u010cI\u0106. \u010cestitamo! Nagrada \u2013 stilizirana knjiga koju je oblikovao akademski kipar Vitold Ko\u0161ir \u2013 kolegici Mihaeli Kova\u010di\u0107&#8230; <\/p>\n","protected":false},"author":2,"featured_media":2431,"comment_status":"open","ping_status":"open","sticky":false,"template":"","format":"standard","meta":{"pgc_meta":"","spay_email":""},"categories":[4],"tags":[],"jetpack_featured_media_url":"https:\/\/dkst.hr\/wp-content\/uploads\/2023\/04\/DSC_0021.jpg","_links":{"self":[{"href":"https:\/\/dkst.hr\/index.php?rest_route=\/wp\/v2\/posts\/2468"}],"collection":[{"href":"https:\/\/dkst.hr\/index.php?rest_route=\/wp\/v2\/posts"}],"about":[{"href":"https:\/\/dkst.hr\/index.php?rest_route=\/wp\/v2\/types\/post"}],"author":[{"embeddable":true,"href":"https:\/\/dkst.hr\/index.php?rest_route=\/wp\/v2\/users\/2"}],"replies":[{"embeddable":true,"href":"https:\/\/dkst.hr\/index.php?rest_route=%2Fwp%2Fv2%2Fcomments&post=2468"}],"version-history":[{"count":2,"href":"https:\/\/dkst.hr\/index.php?rest_route=\/wp\/v2\/posts\/2468\/revisions"}],"predecessor-version":[{"id":2470,"href":"https:\/\/dkst.hr\/index.php?rest_route=\/wp\/v2\/posts\/2468\/revisions\/2470"}],"wp:featuredmedia":[{"embeddable":true,"href":"https:\/\/dkst.hr\/index.php?rest_route=\/wp\/v2\/media\/2431"}],"wp:attachment":[{"href":"https:\/\/dkst.hr\/index.php?rest_route=%2Fwp%2Fv2%2Fmedia&parent=2468"}],"wp:term":[{"taxonomy":"category","embeddable":true,"href":"https:\/\/dkst.hr\/index.php?rest_route=%2Fwp%2Fv2%2Fcategories&post=2468"},{"taxonomy":"post_tag","embeddable":true,"href":"https:\/\/dkst.hr\/index.php?rest_route=%2Fwp%2Fv2%2Ftags&post=2468"}],"curies":[{"name":"wp","href":"https:\/\/api.w.org\/{rel}","templated":true}]}}