{"id":2336,"date":"2023-02-17T20:02:24","date_gmt":"2023-02-17T20:02:24","guid":{"rendered":"http:\/\/dkst.hr\/?p=2336"},"modified":"2023-02-17T20:02:27","modified_gmt":"2023-02-17T20:02:27","slug":"javni-poziv-za-predlaganje-kandidata-za-predsjednika-cu-dkst-a","status":"publish","type":"post","link":"https:\/\/dkst.hr\/?p=2336","title":{"rendered":"Javni poziv za predlaganje kandidata za predsjednika\/cu DKST-a"},"content":{"rendered":"\n<p class=\"has-text-align-center\"><strong>JAVNI POZIV za predlaganje kandidata za predsjednika\/cu<br>Dru\u0161tva knji\u017eni\u010dara u Splitu<br>za mandatno razdoblje 2023. \u2013 2025<\/strong>.<\/p>\n\n\n\n<p class=\"has-text-align-left\">Glavni odbor Dru\u0161tva knji\u017eni\u010dara u Splitu objavljuje Javni poziv za predlaganje kandidata za<br>predsjednika\/cu Dru\u0161tva knji\u017eni\u010dara u Splitu. Rok za dostavu prijedloga kandidata je <strong>3. o\u017eujka 2023.<\/strong><br>godine.<br><br>Na svojoj 9. sjednici, odr\u017eanoj 14. velja\u010de 2023. godine, Glavni odbor Dru\u0161tva knji\u017eni\u010dara u Splitu donio<br>je odluku o raspisivanju javnog poziva za predlaganje kandidata za predsjednika\/cu Dru\u0161tva knji\u017eni\u010dara<br>u Splitu.<br><br>Da bi osoba postala predsjednik\/ca Dru\u0161tva knji\u017eni\u010dara u Splitu, potrebno je da je na izbornoj Skup\u0161tini,<br>koja \u0107e se odr\u017eati potkraj o\u017eujka ili po\u010detkom travnja 2023. godine, podr\u017ei natpolovi\u010dna ve\u0107ina<br>nazo\u010dnih \u010dlanova Skup\u0161tine Dru\u0161tva knji\u017eni\u010dara u Splitu.<br><br>Obrazlo\u017eeni prijedlozi kandidata za predsjednika\/cu Dru\u0161tva knji\u017eni\u010dara u Splitu dostavljaju se do 3.<br>o\u017eujka 2023. godine u elektroni\u010dkom obliku na adresu Dru\u0161tva knji\u017eni\u010dara u Splitu<br>(<strong>drustvoknjiznicarausplitu@gmail.com<\/strong>) i tajnice Dru\u0161tva Ljiljane Poljak Bili\u0107 (<strong>ljpoljak@svkst.hr<\/strong>) s<br>naznakom u polju Predmet\/Subject \u201ePrijedlog za kandidata za predsjednika\/cu DKST-a\u201c).<\/p>\n\n\n\n<p class=\"has-text-align-left\"><br>Svaki prijedlog kandidata za predsjednika\/cu Dru\u0161tva mora sadr\u017eavati:<br>\u2022 kra\u0107i \u017eivotopis kandidata<br>\u2022 radnu biografiju i bibliografiju s posebnim osvrtom na rad kandidata u Dru\u0161tvu knji\u017eni\u010dara u Splitu<br>(kandidat mora biti najmanje 5 godina \u010dlan DKST-a)<br>\u2022 kratak program rada kandidata za sljede\u0107e dvogodi\u0161nje razdoblje (2023. \u2013 2025.<\/p>\n\n\n\n<p class=\"has-text-align-right\">Sanja Brbora, predsjednica DKST-a<\/p>\n\n\n\n<p><\/p>\n","protected":false},"excerpt":{"rendered":"<p>JAVNI POZIV za predlaganje kandidata za predsjednika\/cuDru\u0161tva knji\u017eni\u010dara u Splituza mandatno razdoblje 2023. \u2013 2025. Glavni odbor Dru\u0161tva knji\u017eni\u010dara u Splitu objavljuje Javni poziv za predlaganje kandidata zapredsjednika\/cu Dru\u0161tva knji\u017eni\u010dara&#8230; <\/p>\n","protected":false},"author":2,"featured_media":570,"comment_status":"open","ping_status":"open","sticky":false,"template":"","format":"standard","meta":{"pgc_meta":"","spay_email":""},"categories":[4],"tags":[],"jetpack_featured_media_url":"https:\/\/dkst.hr\/wp-content\/uploads\/2017\/05\/vijesti.gif","_links":{"self":[{"href":"https:\/\/dkst.hr\/index.php?rest_route=\/wp\/v2\/posts\/2336"}],"collection":[{"href":"https:\/\/dkst.hr\/index.php?rest_route=\/wp\/v2\/posts"}],"about":[{"href":"https:\/\/dkst.hr\/index.php?rest_route=\/wp\/v2\/types\/post"}],"author":[{"embeddable":true,"href":"https:\/\/dkst.hr\/index.php?rest_route=\/wp\/v2\/users\/2"}],"replies":[{"embeddable":true,"href":"https:\/\/dkst.hr\/index.php?rest_route=%2Fwp%2Fv2%2Fcomments&post=2336"}],"version-history":[{"count":1,"href":"https:\/\/dkst.hr\/index.php?rest_route=\/wp\/v2\/posts\/2336\/revisions"}],"predecessor-version":[{"id":2337,"href":"https:\/\/dkst.hr\/index.php?rest_route=\/wp\/v2\/posts\/2336\/revisions\/2337"}],"wp:featuredmedia":[{"embeddable":true,"href":"https:\/\/dkst.hr\/index.php?rest_route=\/wp\/v2\/media\/570"}],"wp:attachment":[{"href":"https:\/\/dkst.hr\/index.php?rest_route=%2Fwp%2Fv2%2Fmedia&parent=2336"}],"wp:term":[{"taxonomy":"category","embeddable":true,"href":"https:\/\/dkst.hr\/index.php?rest_route=%2Fwp%2Fv2%2Fcategories&post=2336"},{"taxonomy":"post_tag","embeddable":true,"href":"https:\/\/dkst.hr\/index.php?rest_route=%2Fwp%2Fv2%2Ftags&post=2336"}],"curies":[{"name":"wp","href":"https:\/\/api.w.org\/{rel}","templated":true}]}}