{"id":2197,"date":"2022-06-04T09:59:27","date_gmt":"2022-06-04T09:59:27","guid":{"rendered":"http:\/\/dkst.hr\/?p=2197"},"modified":"2022-09-30T07:58:10","modified_gmt":"2022-09-30T07:58:10","slug":"7-strucni-kolokvij-dkst-a","status":"publish","type":"post","link":"https:\/\/dkst.hr\/?p=2197","title":{"rendered":"7. stru\u010dni kolokvij DKST-a"},"content":{"rendered":"\n<p>7. stru\u010dni kolokvij Dru\u0161tva knji\u017eni\u010dara u Splitu odr\u017eat \u0107e se 9. lipnja 2022. (\u010detvrtak) 12:00 \u2013 13:30 h<strong> <\/strong>u Gradskoj knji\u017enici Marka Maruli\u0107a (Split, Ulica slobode 2)<br>Moderatorica: dr. sc. Sanja Brbora (Sveu\u010dili\u0161na knji\u017enica u Splitu)<\/p>\n\n\n\n<p><\/p>\n\n\n\n<p><strong>PROGRAM<\/strong><\/p>\n\n\n\n<p><strong><em>Erasmus+ projekt &#8220;Pobolj\u0161anje digitalnih kompetencija u obrazovanju odraslih unutar rada narodnih knji\u017enica&#8221;<\/em><\/strong><br>Katarina Sovulj, Lucija Marin, Maja Stazi\u0107 (GKMM)<br><\/p>\n\n\n\n<p><strong><em>Kor\u010dulanski festival knji\u017eevnosti<\/em><\/strong><br>Milojka Skokandi\u0107 (Gradska knji\u017enica Ivan Vidali, Kor\u010dula)<br><\/p>\n\n\n\n<p><strong><em>\u0110ardin \u010ditanja<\/em><\/strong><br>Renata Dobri\u0107 (Gradska knji\u017enica Ka\u0161tela)<\/p>\n\n\n\n<p><\/p>\n\n\n\n<p><strong><em>Bibliografija hrvatske spekulativne fikcije<\/em><\/strong><br>Romana Jadrijevi\u0107 Lozan\u010di\u0107 (Knji\u017enica KBC-a Split)<strong><br><\/strong><\/p>\n\n\n\n<p><strong><em>Rje\u010dnik hrvatskoga knji\u017eni\u010darskog nazivlja \u2013 pogled iznutra<\/em><\/strong><br>Sanja Brbora (SVKST)<\/p>\n\n\n\n<p><\/p>\n\n\n\n<p><strong><em>Zagonetno raspravi\u0161te (?)<\/em><\/strong><\/p>\n\n\n\n<p><\/p>\n\n\n\n<p>Kolokvij je namijenjen knji\u017eni\u010darima iz svih vrsta knji\u017enica, a svi sudionici \u0107e dobiti potvrde o sudjelovanju. <\/p>\n\n\n\n<p>Kotizacije nema.<\/p>\n","protected":false},"excerpt":{"rendered":"<p>7. stru\u010dni kolokvij Dru\u0161tva knji\u017eni\u010dara u Splitu odr\u017eat \u0107e se 9. lipnja 2022. (\u010detvrtak) 12:00 \u2013 13:30 h u Gradskoj knji\u017enici Marka Maruli\u0107a (Split, Ulica slobode 2)Moderatorica: dr. sc. Sanja&#8230; <\/p>\n","protected":false},"author":2,"featured_media":1590,"comment_status":"open","ping_status":"open","sticky":false,"template":"","format":"standard","meta":{"pgc_meta":"","spay_email":""},"categories":[4,11],"tags":[],"jetpack_featured_media_url":"https:\/\/dkst.hr\/wp-content\/uploads\/2018\/06\/marko-marulic-knjiznica-naslovna.jpg","_links":{"self":[{"href":"https:\/\/dkst.hr\/index.php?rest_route=\/wp\/v2\/posts\/2197"}],"collection":[{"href":"https:\/\/dkst.hr\/index.php?rest_route=\/wp\/v2\/posts"}],"about":[{"href":"https:\/\/dkst.hr\/index.php?rest_route=\/wp\/v2\/types\/post"}],"author":[{"embeddable":true,"href":"https:\/\/dkst.hr\/index.php?rest_route=\/wp\/v2\/users\/2"}],"replies":[{"embeddable":true,"href":"https:\/\/dkst.hr\/index.php?rest_route=%2Fwp%2Fv2%2Fcomments&post=2197"}],"version-history":[{"count":1,"href":"https:\/\/dkst.hr\/index.php?rest_route=\/wp\/v2\/posts\/2197\/revisions"}],"predecessor-version":[{"id":2198,"href":"https:\/\/dkst.hr\/index.php?rest_route=\/wp\/v2\/posts\/2197\/revisions\/2198"}],"wp:featuredmedia":[{"embeddable":true,"href":"https:\/\/dkst.hr\/index.php?rest_route=\/wp\/v2\/media\/1590"}],"wp:attachment":[{"href":"https:\/\/dkst.hr\/index.php?rest_route=%2Fwp%2Fv2%2Fmedia&parent=2197"}],"wp:term":[{"taxonomy":"category","embeddable":true,"href":"https:\/\/dkst.hr\/index.php?rest_route=%2Fwp%2Fv2%2Fcategories&post=2197"},{"taxonomy":"post_tag","embeddable":true,"href":"https:\/\/dkst.hr\/index.php?rest_route=%2Fwp%2Fv2%2Ftags&post=2197"}],"curies":[{"name":"wp","href":"https:\/\/api.w.org\/{rel}","templated":true}]}}