{"id":2001,"date":"2019-09-03T13:52:21","date_gmt":"2019-09-03T13:52:21","guid":{"rendered":"http:\/\/dkst.hr\/?p=2001"},"modified":"2019-09-03T14:16:23","modified_gmt":"2019-09-03T14:16:23","slug":"tribina-knjiznicar-i-po","status":"publish","type":"post","link":"https:\/\/dkst.hr\/?p=2001","title":{"rendered":"Tribina Knji\u017eni\u010dar i po!"},"content":{"rendered":"\n<p>U organizaciji Dru\u0161tva knji\u017eni\u010dara u Splitu u Gradskoj knji\u017enici Marka Maruli\u0107a 20. rujna (petak) u 18.00 h odr\u017eat \u0107e se druga tribina Knji\u017eni\u010dar i po! Go\u0161\u0107e tribine su knji\u017eevnice Melita Rundek (Knji\u017enice grada Zagreba) i Nada Topi\u0107 (Dru\u0161tvo knji\u017eni\u010dara u Splitu).<\/p>\n\n\n\n<div class=\"wp-block-image\"><figure class=\"aligncenter\"><img decoding=\"async\" loading=\"lazy\" width=\"819\" height=\"1024\" src=\"https:\/\/dkst.hr\/wp-content\/uploads\/2019\/09\/Melita_Rundek_2-819x1024.jpg\" alt=\"\" class=\"wp-image-2004\" srcset=\"https:\/\/dkst.hr\/wp-content\/uploads\/2019\/09\/Melita_Rundek_2-819x1024.jpg 819w, https:\/\/dkst.hr\/wp-content\/uploads\/2019\/09\/Melita_Rundek_2-240x300.jpg 240w, https:\/\/dkst.hr\/wp-content\/uploads\/2019\/09\/Melita_Rundek_2-768x961.jpg 768w, https:\/\/dkst.hr\/wp-content\/uploads\/2019\/09\/Melita_Rundek_2.jpg 992w\" sizes=\"(max-width: 819px) 100vw, 819px\" \/><\/figure><\/div>\n\n\n\n<p>MELITA RUNDEK ro\u0111ena je 1961. godine u Zagrebu. Nakon osnovne \u0161kole te nastavka \u0161kolovanja u Centru za kulturu i umjetnost zavr\u0161ila je studije komparativne knji\u017eevnosti i fonetike na Filozofskom fakultetu u Zagrebu. Pisala je za razne \u010dasopise (Plima, Draga, Modra lasta, Prvi izbor) te za emisiju Pri\u010de za laku no\u0107 na Hrvatskom radiju. Radila je s nadarenom djecom u organizaciji Ministarstva prosvjete i \u0161porta, organizirala niz radionica kreativnog pisanja, sudjelovala u programu s prognanom djecom i u prosudbenim povjerenstvima za procjenu dje\u010djih radova, te odr\u017eala veliki broj susreta s djecom po \u0161kolama i knji\u017enicama diljem Hrvatske. Radi kao bibliotekar-informator u Knji\u017enicama grada Zagreba. Melita Rundek napisala je dvadeset i jedan naslov, od kojih je \u010dak sedamnaest za djecu i mlade.&nbsp; Vi\u0161e o njenom knji\u017eevnom stvarala\u0161tvu pro\u010ditajte <a href=\"https:\/\/hr.wikipedia.org\/wiki\/Melita_Rundek\">OVDJE<\/a>.<\/p>\n\n\n\n<figure class=\"wp-block-image\"><img decoding=\"async\" loading=\"lazy\" width=\"800\" height=\"532\" src=\"https:\/\/dkst.hr\/wp-content\/uploads\/2019\/09\/Nada_photo_by_Edi_Matic.jpg\" alt=\"\" class=\"wp-image-2005\" srcset=\"https:\/\/dkst.hr\/wp-content\/uploads\/2019\/09\/Nada_photo_by_Edi_Matic.jpg 800w, https:\/\/dkst.hr\/wp-content\/uploads\/2019\/09\/Nada_photo_by_Edi_Matic-300x200.jpg 300w, https:\/\/dkst.hr\/wp-content\/uploads\/2019\/09\/Nada_photo_by_Edi_Matic-768x511.jpg 768w\" sizes=\"(max-width: 800px) 100vw, 800px\" \/><\/figure>\n\n\n\n<p>NADA TOPI\u0106 (Split, 1977.) diplomirala je Hrvatski jezik i knji\u017eevnost na Filozofskom fakultetu u Zadru 2001. Na Sveu\u010dili\u0161tu u Zadru 2009. stekla je zvanje magistre knji\u017eni\u010darstva, a 2015. godine na istom sveu\u010dili\u0161tu doktorirala je na poslijediplomskom studiju Dru\u0161tvo znanja i prijenos informacija. Autorica je vi\u0161e stru\u010dnih i znanstvenih radova iz podru\u010dja knji\u017eni\u010darstva, povijesti knjige i \u010ditanja te je izlagala na me\u0111unarodnim i doma\u0107im znanstvenim i stru\u010dnim skupovima. Suradnica je lokalnog mjese\u010dnika Solinska kronika. \u010clanica je me\u0111unarodnog udru\u017eenja Society for the history of authorship, reading and publishing (SHARP) i Hrvatskog dru\u0161tva pisaca. Pi\u0161e poeziju i kratku prozu. Objavila je \u010detiri zbirke pjesama Svetac u trajektnoj luci (2005.), Meteorologija tijela (2015.), Bezbroj i druge jednine (2017.) i Otac (2019.), slikovnicu Kako se rodila roda (2007.) te zbirke lirskih proza Male stvari (2016.) i Stope u snijegu (2019.).  Autorica je znanstvene monografije Knji\u017eara Morpurgo u Splitu (1860. \u2013 1947.) i razvoj kulture \u010ditanja (2017.) i digitalnog arhiva <a href=\"https:\/\/morpurgo.topoteka.net\/\">Topoteka Morpurgo<\/a>. Tekstovi su joj objavljivani u doma\u0107im i stranim \u010dasopisima, zbornicima i na internetskim portalima. \u017divi i radi u Solinu u Osnovnoj \u0161koli Vjekoslava Para\u0107a kao stru\u010dna suradnica &#8211; knji\u017eni\u010darka.<\/p>\n\n\n\n<p>Tribina Knji\u017eni\u010dar i po! odr\u017eava se uz potporu Ministarstva kulture Republike Hrvatske i Grada Splita.<\/p>\n\n\n\n<figure class=\"wp-block-image\"><img decoding=\"async\" loading=\"lazy\" width=\"724\" height=\"1024\" src=\"https:\/\/dkst.hr\/wp-content\/uploads\/2019\/09\/Knjiznicar-ipo-2019-724x1024.jpg\" alt=\"\" class=\"wp-image-2003\" srcset=\"https:\/\/dkst.hr\/wp-content\/uploads\/2019\/09\/Knjiznicar-ipo-2019-724x1024.jpg 724w, https:\/\/dkst.hr\/wp-content\/uploads\/2019\/09\/Knjiznicar-ipo-2019-212x300.jpg 212w, https:\/\/dkst.hr\/wp-content\/uploads\/2019\/09\/Knjiznicar-ipo-2019-768x1086.jpg 768w\" sizes=\"(max-width: 724px) 100vw, 724px\" \/><\/figure>\n","protected":false},"excerpt":{"rendered":"<p>U organizaciji Dru\u0161tva knji\u017eni\u010dara u Splitu u Gradskoj knji\u017enici Marka Maruli\u0107a 20. rujna (petak) u 18.00 h odr\u017eat \u0107e se druga tribina Knji\u017eni\u010dar i po! Go\u0161\u0107e tribine su knji\u017eevnice Melita&#8230; <\/p>\n","protected":false},"author":2,"featured_media":2003,"comment_status":"open","ping_status":"open","sticky":false,"template":"","format":"standard","meta":{"pgc_meta":"","spay_email":""},"categories":[4],"tags":[],"jetpack_featured_media_url":"https:\/\/dkst.hr\/wp-content\/uploads\/2019\/09\/Knjiznicar-ipo-2019.jpg","_links":{"self":[{"href":"https:\/\/dkst.hr\/index.php?rest_route=\/wp\/v2\/posts\/2001"}],"collection":[{"href":"https:\/\/dkst.hr\/index.php?rest_route=\/wp\/v2\/posts"}],"about":[{"href":"https:\/\/dkst.hr\/index.php?rest_route=\/wp\/v2\/types\/post"}],"author":[{"embeddable":true,"href":"https:\/\/dkst.hr\/index.php?rest_route=\/wp\/v2\/users\/2"}],"replies":[{"embeddable":true,"href":"https:\/\/dkst.hr\/index.php?rest_route=%2Fwp%2Fv2%2Fcomments&post=2001"}],"version-history":[{"count":4,"href":"https:\/\/dkst.hr\/index.php?rest_route=\/wp\/v2\/posts\/2001\/revisions"}],"predecessor-version":[{"id":2008,"href":"https:\/\/dkst.hr\/index.php?rest_route=\/wp\/v2\/posts\/2001\/revisions\/2008"}],"wp:featuredmedia":[{"embeddable":true,"href":"https:\/\/dkst.hr\/index.php?rest_route=\/wp\/v2\/media\/2003"}],"wp:attachment":[{"href":"https:\/\/dkst.hr\/index.php?rest_route=%2Fwp%2Fv2%2Fmedia&parent=2001"}],"wp:term":[{"taxonomy":"category","embeddable":true,"href":"https:\/\/dkst.hr\/index.php?rest_route=%2Fwp%2Fv2%2Fcategories&post=2001"},{"taxonomy":"post_tag","embeddable":true,"href":"https:\/\/dkst.hr\/index.php?rest_route=%2Fwp%2Fv2%2Ftags&post=2001"}],"curies":[{"name":"wp","href":"https:\/\/api.w.org\/{rel}","templated":true}]}}