{"id":1981,"date":"2019-05-27T08:53:57","date_gmt":"2019-05-27T08:53:57","guid":{"rendered":"http:\/\/dkst.hr\/?p=1981"},"modified":"2019-05-27T09:12:06","modified_gmt":"2019-05-27T09:12:06","slug":"5-strucni-kolokvij","status":"publish","type":"post","link":"https:\/\/dkst.hr\/?p=1981","title":{"rendered":"5. stru\u010dni kolokvij"},"content":{"rendered":"\n<p>5. stru\u010dni kolokvij Dru\u0161tva knji\u017eni\u010dara u Splitu odr\u017eat \u0107e se u ponedjeljak, 3. lipnja 2019. od 10:30 do 12:30 u u\u010dionici na 5. katu Sveu\u010dili\u0161ne knji\u017enice u Splitu. <\/p>\n\n\n\n<p><strong>PROGRAM<\/strong><\/p>\n\n\n\n<p><strong><em>Ah, ta lektira!<\/em><\/strong><br>dr. sc. Nada Topi\u0107, vi\u0161a knji\u017eni\u010darka (O\u0160 Vjekoslava Para\u0107a, Solin)<\/p>\n\n\n\n<p><strong><em>Prvi Kviz za poticanje \u010ditanja u\u010denika osnovnih \u0161kola Imotske krajine<\/em><\/strong><br>Anela Crnogorac, prof. i dipl. knji\u017eni\u010darka&nbsp; (O\u0160 \u201eIvan Leko\u201c, Prolo\u017eac)<\/p>\n\n\n\n<p><strong><em>Tradicija u novom ruhu<\/em><\/strong><br>Marija \u010celan-Miji\u0107, dipl. knji\u017eni\u010darka i Ana \u0106aleta, u\u010diteljica (O\u0160 Trilj)<\/p>\n\n\n\n<p><strong><em>Kor\u010dulanska ba\u0161tina<\/em><\/strong><br>Milojka Skokandi\u0107&nbsp; i&nbsp; Izabel Skokandi\u0107, dipl. knji\u017eni\u010darke (Gradska knji\u017enica Ivan Vidali,&nbsp; Kor\u010dula)<\/p>\n\n\n\n<p><strong><em>Proces revizije i otpisa u Knji\u017enici KBC-a Split: problemi i rje\u0161enja<\/em><\/strong><br>Romana Jadrijevi\u0107, dipl. knji\u017eni\u010darka (Knji\u017enica KBC-a Split)<\/p>\n\n\n\n<p><strong><em>Knji\u017eni\u010darstvo na \u0161panjolski na\u010din: Erasmus posjet knji\u017enici Sveu\u010dili\u0161ta u Cadizu<\/em><\/strong><br>Irena Urem,dipl. knji\u017eni\u010darka (Sveu\u010dili\u0161na knji\u017enica u Splitu)<\/p>\n\n\n\n<p>Kolokvij je namijenjen knji\u017eni\u010darima iz svih vrsta knji\u017enica, a svi sudionici \u0107e dobiti potvrde o sudjelovanju. Kotizacije nema.<\/p>\n\n\n\n<p>\n\nModeratorica: dr. sc. Sanja Brbora, vi\u0161a knji\u017eni\u010darka (Sveu\u010dili\u0161na knji\u017enica u Splitu)\n\n<\/p>\n","protected":false},"excerpt":{"rendered":"<p>5. stru\u010dni kolokvij Dru\u0161tva knji\u017eni\u010dara u Splitu odr\u017eat \u0107e se u ponedjeljak, 3. lipnja 2019. od 10:30 do 12:30 u u\u010dionici na 5. katu Sveu\u010dili\u0161ne knji\u017enice u Splitu. PROGRAM Ah,&#8230; <\/p>\n","protected":false},"author":2,"featured_media":1923,"comment_status":"open","ping_status":"open","sticky":false,"template":"","format":"standard","meta":{"pgc_meta":"","spay_email":""},"categories":[4,11],"tags":[],"jetpack_featured_media_url":"https:\/\/dkst.hr\/wp-content\/uploads\/2019\/02\/svkst.jpg","_links":{"self":[{"href":"https:\/\/dkst.hr\/index.php?rest_route=\/wp\/v2\/posts\/1981"}],"collection":[{"href":"https:\/\/dkst.hr\/index.php?rest_route=\/wp\/v2\/posts"}],"about":[{"href":"https:\/\/dkst.hr\/index.php?rest_route=\/wp\/v2\/types\/post"}],"author":[{"embeddable":true,"href":"https:\/\/dkst.hr\/index.php?rest_route=\/wp\/v2\/users\/2"}],"replies":[{"embeddable":true,"href":"https:\/\/dkst.hr\/index.php?rest_route=%2Fwp%2Fv2%2Fcomments&post=1981"}],"version-history":[{"count":4,"href":"https:\/\/dkst.hr\/index.php?rest_route=\/wp\/v2\/posts\/1981\/revisions"}],"predecessor-version":[{"id":1985,"href":"https:\/\/dkst.hr\/index.php?rest_route=\/wp\/v2\/posts\/1981\/revisions\/1985"}],"wp:featuredmedia":[{"embeddable":true,"href":"https:\/\/dkst.hr\/index.php?rest_route=\/wp\/v2\/media\/1923"}],"wp:attachment":[{"href":"https:\/\/dkst.hr\/index.php?rest_route=%2Fwp%2Fv2%2Fmedia&parent=1981"}],"wp:term":[{"taxonomy":"category","embeddable":true,"href":"https:\/\/dkst.hr\/index.php?rest_route=%2Fwp%2Fv2%2Fcategories&post=1981"},{"taxonomy":"post_tag","embeddable":true,"href":"https:\/\/dkst.hr\/index.php?rest_route=%2Fwp%2Fv2%2Ftags&post=1981"}],"curies":[{"name":"wp","href":"https:\/\/api.w.org\/{rel}","templated":true}]}}