{"id":1956,"date":"2019-04-18T19:32:34","date_gmt":"2019-04-18T19:32:34","guid":{"rendered":"http:\/\/dkst.hr\/?p=1956"},"modified":"2019-04-18T19:36:37","modified_gmt":"2019-04-18T19:36:37","slug":"1956","status":"publish","type":"post","link":"https:\/\/dkst.hr\/?p=1956","title":{"rendered":"Posjet Sveu\u010dili\u0161noj knji\u017enici u Splitu"},"content":{"rendered":"<p>U sklopu zavr\u0161nog me\u0111unarodnog susreta knji\u017eni\u010dara Erasmus+ projekta &#8220;Migrate to Library!&#8221; u organizaciji Gradske knji\u017enice Ivan Vidali, sudionici su se 9. travnja susreli s predsjednicom na\u0161eg Dru\u0161tva dr. sc. Sanjom Brborom koja ih je povela u obilazak Sveu\u010dili\u0161ne knji\u017enice u Splitu.<\/p>\n<p><img decoding=\"async\" loading=\"lazy\" class=\"alignnone size-medium wp-image-1958\" src=\"https:\/\/dkst.hr\/wp-content\/uploads\/2019\/04\/56716151_10157132544604803_3773876549112037376_o-300x225.jpg\" alt=\"\" width=\"300\" height=\"225\" srcset=\"https:\/\/dkst.hr\/wp-content\/uploads\/2019\/04\/56716151_10157132544604803_3773876549112037376_o-300x225.jpg 300w, https:\/\/dkst.hr\/wp-content\/uploads\/2019\/04\/56716151_10157132544604803_3773876549112037376_o-768x576.jpg 768w, https:\/\/dkst.hr\/wp-content\/uploads\/2019\/04\/56716151_10157132544604803_3773876549112037376_o-1024x768.jpg 1024w, https:\/\/dkst.hr\/wp-content\/uploads\/2019\/04\/56716151_10157132544604803_3773876549112037376_o-240x180.jpg 240w, https:\/\/dkst.hr\/wp-content\/uploads\/2019\/04\/56716151_10157132544604803_3773876549112037376_o.jpg 1728w\" sizes=\"(max-width: 300px) 100vw, 300px\" \/>\u00a0 \u00a0<img decoding=\"async\" loading=\"lazy\" class=\"alignnone size-medium wp-image-1957\" src=\"https:\/\/dkst.hr\/wp-content\/uploads\/2019\/04\/56524213_10157132543934803_8805922681930121216_o-300x225.jpg\" alt=\"\" width=\"300\" height=\"225\" srcset=\"https:\/\/dkst.hr\/wp-content\/uploads\/2019\/04\/56524213_10157132543934803_8805922681930121216_o-300x225.jpg 300w, https:\/\/dkst.hr\/wp-content\/uploads\/2019\/04\/56524213_10157132543934803_8805922681930121216_o-768x576.jpg 768w, https:\/\/dkst.hr\/wp-content\/uploads\/2019\/04\/56524213_10157132543934803_8805922681930121216_o-1024x768.jpg 1024w, https:\/\/dkst.hr\/wp-content\/uploads\/2019\/04\/56524213_10157132543934803_8805922681930121216_o-240x180.jpg 240w, https:\/\/dkst.hr\/wp-content\/uploads\/2019\/04\/56524213_10157132543934803_8805922681930121216_o.jpg 1728w\" sizes=\"(max-width: 300px) 100vw, 300px\" \/><\/p>\n","protected":false},"excerpt":{"rendered":"<p>U sklopu zavr\u0161nog me\u0111unarodnog susreta knji\u017eni\u010dara Erasmus+ projekta &#8220;Migrate to Library!&#8221; u organizaciji Gradske knji\u017enice Ivan Vidali, sudionici su se 9. travnja susreli s predsjednicom na\u0161eg Dru\u0161tva dr. sc. Sanjom&#8230; <\/p>\n","protected":false},"author":2,"featured_media":1959,"comment_status":"open","ping_status":"open","sticky":false,"template":"","format":"standard","meta":{"pgc_meta":"","spay_email":""},"categories":[4],"tags":[],"jetpack_featured_media_url":"https:\/\/dkst.hr\/wp-content\/uploads\/2019\/04\/56862379_10157132543679803_3034992713633103872_o.jpg","_links":{"self":[{"href":"https:\/\/dkst.hr\/index.php?rest_route=\/wp\/v2\/posts\/1956"}],"collection":[{"href":"https:\/\/dkst.hr\/index.php?rest_route=\/wp\/v2\/posts"}],"about":[{"href":"https:\/\/dkst.hr\/index.php?rest_route=\/wp\/v2\/types\/post"}],"author":[{"embeddable":true,"href":"https:\/\/dkst.hr\/index.php?rest_route=\/wp\/v2\/users\/2"}],"replies":[{"embeddable":true,"href":"https:\/\/dkst.hr\/index.php?rest_route=%2Fwp%2Fv2%2Fcomments&post=1956"}],"version-history":[{"count":4,"href":"https:\/\/dkst.hr\/index.php?rest_route=\/wp\/v2\/posts\/1956\/revisions"}],"predecessor-version":[{"id":1965,"href":"https:\/\/dkst.hr\/index.php?rest_route=\/wp\/v2\/posts\/1956\/revisions\/1965"}],"wp:featuredmedia":[{"embeddable":true,"href":"https:\/\/dkst.hr\/index.php?rest_route=\/wp\/v2\/media\/1959"}],"wp:attachment":[{"href":"https:\/\/dkst.hr\/index.php?rest_route=%2Fwp%2Fv2%2Fmedia&parent=1956"}],"wp:term":[{"taxonomy":"category","embeddable":true,"href":"https:\/\/dkst.hr\/index.php?rest_route=%2Fwp%2Fv2%2Fcategories&post=1956"},{"taxonomy":"post_tag","embeddable":true,"href":"https:\/\/dkst.hr\/index.php?rest_route=%2Fwp%2Fv2%2Ftags&post=1956"}],"curies":[{"name":"wp","href":"https:\/\/api.w.org\/{rel}","templated":true}]}}