{"id":1855,"date":"2018-12-11T16:15:41","date_gmt":"2018-12-11T16:15:41","guid":{"rendered":"http:\/\/dkst.hr\/?p=1855"},"modified":"2018-12-11T17:02:11","modified_gmt":"2018-12-11T17:02:11","slug":"javni-poziv-predsjednik-ca-drustva-2019-2021","status":"publish","type":"post","link":"https:\/\/dkst.hr\/?p=1855","title":{"rendered":"Javni poziv &#8211; predsjednik\/ca Dru\u0161tva 2019. &#8211; 2021."},"content":{"rendered":"<p style=\"text-align: center;\"><strong>JAVNI POZIV<\/strong><br \/>\nza predlaganje kandidata za predsjednika\/cu Dru\u0161tva knji\u017eni\u010dara u Splitu<br \/>\nza mandatno razdoblje 2019. \u2013 2021.<\/p>\n<p style=\"text-align: left;\">Glavni odbor Dru\u0161tva knji\u017eni\u010dara u Splitu objavljuje Javni poziv za predlaganje kandidata za predsjednika\/cu Dru\u0161tva knji\u017eni\u010dara u Splitu. Rok za dostavu prijedloga kandidata je<strong> 10. sije\u010dnja 2019. godine. <\/strong><\/p>\n<p><!--more--><br \/>\nNa svojoj 10. sjednici, odr\u017eanoj 11. prosinca 2018. godine, Glavni odbor Dru\u0161tva knji\u017eni\u010dara donio je odluku o raspisivanju javnog poziva za predlaganje kandidata za predsjednika\/cu Dru\u0161tva knji\u017eni\u010dara u Splitu. Da bi osoba bila istaknuta kao kandidat za predsjednika\/cu Dru\u0161tva knji\u017eni\u010dara u Splitu, potrebno je da je na izbornoj skup\u0161tini koja \u0107e se odr\u017eati krajem sije\u010dnja 2019. godine podr\u017ei natpolovi\u010dna ve\u0107ina \u010dlanova Skup\u0161tine Dru\u0161tva knji\u017eni\u010dara u Splitu.<\/p>\n<p>Obrazlo\u017eeni prijedlozi kandidata za predsjednika\/cu Dru\u0161tva knji\u017eni\u010dara u Splitu dostavljaju se u elektroni\u010dkom obliku na adresu predsjednice Dru\u0161tva Nade Topi\u0107 <strong>nada.topic@gmail.com<\/strong> i tajnice Dru\u0161tva Melite Bu\u010dan <strong>mbucan@knjiznicasolin.hr<\/strong> (s naznakom u polju Predmet\/Subject \u201ePrijedlog za kandidata za predsjednika\/cu DKST-a\u201c) <strong>do 10. sije\u010dnja 2019. godine<\/strong>.<\/p>\n<p>Svaki prijedlog kandidata za predsjednika\/cu Dru\u0161tva mora sadr\u017eavati:<br \/>\n\u2022 kra\u0107i \u017eivotopis kandidata;<br \/>\n\u2022 radnu biografiju i bibliografiju s posebnim osvrtom na rad kandidata u Dru\u0161tvu knji\u017eni\u010dara u Splitu (kandidat mora biti najmanje 5 godina \u010dlan DKST-a)<br \/>\n\u2022 kratak program rada kandidata za sljede\u0107e dvogodi\u0161nje razdoblje (2019. \u2013 2021.)<\/p>\n<p>Split, 11. prosinca 2018.<\/p>\n<p style=\"text-align: right;\">Predsjednica DKST-a<br \/>\nNada Topi\u0107<\/p>\n","protected":false},"excerpt":{"rendered":"<p>JAVNI POZIV za predlaganje kandidata za predsjednika\/cu Dru\u0161tva knji\u017eni\u010dara u Splitu za mandatno razdoblje 2019. \u2013 2021. Glavni odbor Dru\u0161tva knji\u017eni\u010dara u Splitu objavljuje Javni poziv za predlaganje kandidata za&#8230; <\/p>\n","protected":false},"author":2,"featured_media":570,"comment_status":"open","ping_status":"open","sticky":false,"template":"","format":"standard","meta":{"pgc_meta":"","spay_email":""},"categories":[4],"tags":[],"jetpack_featured_media_url":"https:\/\/dkst.hr\/wp-content\/uploads\/2017\/05\/vijesti.gif","_links":{"self":[{"href":"https:\/\/dkst.hr\/index.php?rest_route=\/wp\/v2\/posts\/1855"}],"collection":[{"href":"https:\/\/dkst.hr\/index.php?rest_route=\/wp\/v2\/posts"}],"about":[{"href":"https:\/\/dkst.hr\/index.php?rest_route=\/wp\/v2\/types\/post"}],"author":[{"embeddable":true,"href":"https:\/\/dkst.hr\/index.php?rest_route=\/wp\/v2\/users\/2"}],"replies":[{"embeddable":true,"href":"https:\/\/dkst.hr\/index.php?rest_route=%2Fwp%2Fv2%2Fcomments&post=1855"}],"version-history":[{"count":2,"href":"https:\/\/dkst.hr\/index.php?rest_route=\/wp\/v2\/posts\/1855\/revisions"}],"predecessor-version":[{"id":1857,"href":"https:\/\/dkst.hr\/index.php?rest_route=\/wp\/v2\/posts\/1855\/revisions\/1857"}],"wp:featuredmedia":[{"embeddable":true,"href":"https:\/\/dkst.hr\/index.php?rest_route=\/wp\/v2\/media\/570"}],"wp:attachment":[{"href":"https:\/\/dkst.hr\/index.php?rest_route=%2Fwp%2Fv2%2Fmedia&parent=1855"}],"wp:term":[{"taxonomy":"category","embeddable":true,"href":"https:\/\/dkst.hr\/index.php?rest_route=%2Fwp%2Fv2%2Fcategories&post=1855"},{"taxonomy":"post_tag","embeddable":true,"href":"https:\/\/dkst.hr\/index.php?rest_route=%2Fwp%2Fv2%2Ftags&post=1855"}],"curies":[{"name":"wp","href":"https:\/\/api.w.org\/{rel}","templated":true}]}}