{"id":1764,"date":"2018-11-02T10:11:48","date_gmt":"2018-11-02T10:11:48","guid":{"rendered":"http:\/\/dkst.hr\/?p=1764"},"modified":"2018-11-07T17:04:03","modified_gmt":"2018-11-07T17:04:03","slug":"sustav-i-aplikacija-za-osobe-s-teskocama-u-citanju","status":"publish","type":"post","link":"https:\/\/dkst.hr\/?p=1764","title":{"rendered":"Sustav za osobe s te\u0161ko\u0107ama u \u010ditanju"},"content":{"rendered":"<p>U srijedu, 7. studenoga 2018. u 18.00 sati u velikoj dvorani Sredi\u0161nje knji\u017enice GKMM-a Split, Slobode 2, odr\u017eat \u0107e se\u00a0predstavljanje inovativnog OmoType font sustava i aplikacije OmoReader za osobe s te\u0161ko\u0107ama \u010ditanja i disleksijom.<br \/>\nPredstavlja\u010d: Petar Rei\u0107, osniva\u010d tvrtke OmoLab.<\/p>\n<p><!--more--><\/p>\n<p>U sklopu nacionalne kampanje za osobe s te\u0161ko\u0107ama \u010ditanja i disleksijom \u201eI \u017eelim \u010ditati!\u201c predstavljamo vam inovativan i originalan OmoType font sustav &#8211; pismo oblikovano i prilago\u0111eno za osobe s disleksijom i ostalim te\u0161ko\u0107ama \u010ditanja te besplatnu aplikaciju OmoReader za olak\u0161avanje njegovog \u010ditanja. Font sustav i aplikaciju je kreirao tim splitske tvrtke OmoLab, koji je upravo u\u0161ao u finale ovogodi\u0161njeg Startup Factoryja.<\/p>\n<p style=\"font-weight: 400;\">Vi\u0161e mo\u017eete pro\u010ditati na njihovim <a href=\"https:\/\/omotype.com\/\">web stranicama.<\/a><\/p>\n<p style=\"font-weight: 400;\">\n","protected":false},"excerpt":{"rendered":"<p>U srijedu, 7. studenoga 2018. u 18.00 sati u velikoj dvorani Sredi\u0161nje knji\u017enice GKMM-a Split, Slobode 2, odr\u017eat \u0107e se\u00a0predstavljanje inovativnog OmoType font sustava i aplikacije OmoReader za osobe s&#8230; <\/p>\n","protected":false},"author":2,"featured_media":1765,"comment_status":"open","ping_status":"open","sticky":false,"template":"","format":"standard","meta":{"pgc_meta":"","spay_email":""},"categories":[4],"tags":[],"jetpack_featured_media_url":"https:\/\/dkst.hr\/wp-content\/uploads\/2018\/11\/Reic.jpg","_links":{"self":[{"href":"https:\/\/dkst.hr\/index.php?rest_route=\/wp\/v2\/posts\/1764"}],"collection":[{"href":"https:\/\/dkst.hr\/index.php?rest_route=\/wp\/v2\/posts"}],"about":[{"href":"https:\/\/dkst.hr\/index.php?rest_route=\/wp\/v2\/types\/post"}],"author":[{"embeddable":true,"href":"https:\/\/dkst.hr\/index.php?rest_route=\/wp\/v2\/users\/2"}],"replies":[{"embeddable":true,"href":"https:\/\/dkst.hr\/index.php?rest_route=%2Fwp%2Fv2%2Fcomments&post=1764"}],"version-history":[{"count":2,"href":"https:\/\/dkst.hr\/index.php?rest_route=\/wp\/v2\/posts\/1764\/revisions"}],"predecessor-version":[{"id":1771,"href":"https:\/\/dkst.hr\/index.php?rest_route=\/wp\/v2\/posts\/1764\/revisions\/1771"}],"wp:featuredmedia":[{"embeddable":true,"href":"https:\/\/dkst.hr\/index.php?rest_route=\/wp\/v2\/media\/1765"}],"wp:attachment":[{"href":"https:\/\/dkst.hr\/index.php?rest_route=%2Fwp%2Fv2%2Fmedia&parent=1764"}],"wp:term":[{"taxonomy":"category","embeddable":true,"href":"https:\/\/dkst.hr\/index.php?rest_route=%2Fwp%2Fv2%2Fcategories&post=1764"},{"taxonomy":"post_tag","embeddable":true,"href":"https:\/\/dkst.hr\/index.php?rest_route=%2Fwp%2Fv2%2Ftags&post=1764"}],"curies":[{"name":"wp","href":"https:\/\/api.w.org\/{rel}","templated":true}]}}