{"id":1733,"date":"2018-10-17T11:36:12","date_gmt":"2018-10-17T11:36:12","guid":{"rendered":"http:\/\/dkst.hr\/?p=1733"},"modified":"2018-10-17T11:36:12","modified_gmt":"2018-10-17T11:36:12","slug":"sva-lica-skolskih-knjiznica","status":"publish","type":"post","link":"https:\/\/dkst.hr\/?p=1733","title":{"rendered":"Sva lica \u0161kolskih knji\u017enica"},"content":{"rendered":"<p>Povodom obilje\u017eavanja Me\u0111unarodnoga mjeseca \u0161kolskih knji\u017enica 2018. Hrvatska udruga \u0161kolskih knji\u017eni\u010dara organizira osmi samostalni stru\u010dni skup pod nazivom Sva lica \u0161kolskih knji\u017enica. Skup \u0107e se odr\u017eati 19. i 20. listopada u Supetru na Bra\u010du.<\/p>\n<p><!--more--><\/p>\n<p>Stru\u010dni skup Hrvatske udruge \u0161kolskih knji\u017eni\u010dara namijenjen je \u0161kolskim knji\u017eni\u010darima Republike Hrvatske i stru\u010dnjacima koji se bave \u0161kolskim knji\u017eni\u010darstvom, ima razinu dr\u017eavnoga skupa i svim sudionicima izdaju se potvrde o sudjelovanju.<\/p>\n<p><strong>Program\u00a0<\/strong><br \/>\n<strong>Petak, 19. listopada 2018. &#8211; Hotel Velaris<\/strong><br \/>\n10:00 \u2013 11:00 Pi\u0107e dobrodo\u0161lice i prijava sudionika<br \/>\nOtvorenje Skupa<br \/>\nHimna<br \/>\n11:00 \u2013 11:30 Pozdravne rije\u010di<br \/>\nSanja Neja\u0161mi\u0107, predsjednica Organizacijskog odbora Skupa<br \/>\nVanja Jurilj, predsjednica Hrvatske udruge \u0161kolskih knji\u017eni\u010dara<br \/>\nPredstavnik\/ica Grada Supetra<br \/>\nPredstavnik\/ica Splitsko-dalmatinske \u017eupanije<br \/>\nRadni dio Skupa<br \/>\nI. dio<br \/>\n11:30 \u2013 12:00 Sva lica \u0161kolskih knji\u017enica, Vanja Jurilj, stru\u010dna suradnica<br \/>\nknji\u017eni\u010darka u O\u0160 Antuna Mihanovi\u0107a, Zagreb, predsjednica Hrvatske<br \/>\nudruge \u0161kolskih knji\u017eni\u010dara, predsjednica IASL-a za Europu i \u010dlanica<br \/>\nIFLA-aine Sekcije za \u0161kolske knji\u017enice<br \/>\n12:00 \u2013 12:30 Nije rije\u010d o knji\u017enici u \u0161koli, nego o \u0161kolovanju u knji\u017enici, Ana<br \/>\nSaula\u010di\u0107, vi\u0161a savjetnica za stru\u010dne suradnike knji\u017eni\u010dare, Agencija za<br \/>\nodgoj i obrazovanje, Zagreb<br \/>\n12:30 \u2013 13:00 Javne politike u decentraliziranom okru\u017eenju, dr. sc. Nansi<br \/>\nIvani\u0161evi\u0107, voditeljica Odjela za prosvjetu, kulturu, \u0161port,<br \/>\ninformiranje i tehni\u010dku kulturu odjela, Ured dr\u017eavne uprave u<br \/>\nSplitsko-dalmatinskoj \u017eupaniji<br \/>\n13:00 \u2013 13:15 Komentari, pitanja<br \/>\n13:15 \u2013 14:30 Stanka &#8211; organizirani ru\u010dak za sudionike \u2013 restoran Hotela Velaris<br \/>\nII. dio<br \/>\n14:30\u2013 15:00 \u0160kolske knji\u017enice Splitsko-dalmatinske \u017eupanije, Tomislav Stani\u010di\u0107,<br \/>\nprof., Voditelj Mati\u010dne slu\u017ebe za narodne i \u0161kolske knji\u017enice u<br \/>\nSplitsko-dalmatinskoj \u017eupaniji Gradska knji\u017enica Marka Maruli\u0107a<br \/>\nSplit<br \/>\n15:00 \u2013 16:00 Okrugli stol: \u0160kolske knji\u017enice u decentraliziranom okru\u017eenju<br \/>\nSudjeluju: Mate Omazi\u0107, Tomislav \u0110onli\u0107, prof. Prva su\u0161a\u010dka<br \/>\nhrvatska gimnazija u Rijeci i dr. sc. Nansi Ivani\u0161evi\u0107, voditeljica<br \/>\nOdjela za prosvjetu, kulturu, \u0161port, informiranje i tehni\u010dku kulturu<br \/>\nodjela, Ured dr\u017eavne uprave u Splitsko-dalmatinskoj \u017eupaniji<br \/>\nOkrugli stol moderira: Vanja Jurilj, predsjednica Hrvatske udruge<br \/>\n\u0161kolskih knji\u017eni\u010dara<br \/>\n16:00 \u2013 16:15 Stanka &#8211; osvje\u017eenje<br \/>\n16:15 \u2013 16:45 Virtualna slika \u0161kolskih knji\u017enica, mre\u017ene stranice \u0161kolskih knji\u017enica<br \/>\nkakve jesu i kakve bi trebale biti, Goranka Braim Vlahovi\u0107, knji\u017eni\u010darka ,<br \/>\nO\u0160 Jurja Habdeli\u0107a, Velika Gorica<br \/>\n16:45 \u201317:15 Doprinos \u0161kolskih knji\u017enica zajednici: knji\u017enice osnovnih \u0161kola na<br \/>\notocima Splilitsko-dalmatinske \u017eupanije, Sanja Neja\u0161mi\u0107,<br \/>\nravnateljica O\u0160 Postira, Postira<br \/>\n17:15 \u2013 17:45 Oblici suradnje izme\u0111u \u0161kolske i narodne knji\u017enice, Jadranka Juri\u0107,<br \/>\nknji\u017eni\u010darka Gimnazije Titu\u0161a Brezova\u010dkog, Zagreb<br \/>\nIII. dio \u2013 Obilazak knji\u017enica u Supetru<br \/>\n18:15 \u2013 19:00 Posjet \u0161kolskoj knji\u017enici Srednje \u0161kole Bra\u010d, knji\u017eni\u010darka An\u0111elka<br \/>\nMilo\u0161<br \/>\n19:00 \u2013 20:00 Posjet gradskoj knji\u017enici u Supetru, ravnateljica knji\u017enice prof. Gita<br \/>\nDragi\u010devi\u0107<br \/>\nVe\u010dernji program: Sve\u010dana dodjela nagrade Poezija me\u0111u profesijama<br \/>\n20:30 \u2013 23:00 Grill Garden<br \/>\nSve\u010dana dodjela nagrade Poezija me\u0111u profesijama, ve\u010dera i klapska glazba<\/p>\n<p><strong>Subota, 20. listopada 2018.<\/strong><br \/>\nStru\u010dni izlet: \u017diva ba\u0161tina<br \/>\n9:00 Polazak autobusa u 9:00 sati ispred hotela Velaris<br \/>\n10:00 \u2013 13:30 Pustinja Blaca, obilazak uz stru\u010dno vodstvo<br \/>\nPustinja Blaca, slavna je glagolja\u0161ka pustinja, a kasnije i zvjezdarnica, nalazi se na<br \/>\nisto\u010dnom obronku doline na ju\u017enoj strani otoka Bra\u010da, izme\u0111u Bola i Milne.<br \/>\nDolazak do Pustinje Blaca mogu\u0107 je samo pje\u0161ice, pje\u0161a\u010denje u svakom smjeru traje<br \/>\noko 45 minuta, tako da vam je za ovo stru\u010dno usavr\u0161avanje potrebna udobna obu\u0107a!<br \/>\n13:30 Polazak autobusa prema mjestu Dol<br \/>\n14:00 \u2013 14:30 Obilazak Ka\u0161tila Gospodneti\u0107 &#8211; plemi\u0107ka ku\u0107a, venecijanski dvorac,<br \/>\njedinstveni primjer secesijskih interijera, kulturna ba\u0161tina u kojoj se i danas \u017eivi.<br \/>\n14.30 \u2013 16:30 Organizirani ru\u010dak u konobi Dol \u2013 Ka\u0161til Gospodneti\u0107, Dol<br \/>\nDru\u017eenje uz doma\u0107a jela na baroknoj terasi s nezaboravnim pogledom.<br \/>\n17:00 Povratak u Supetar<br \/>\n17.00 \u2013 Trajekt za Split (Organizirani prijevoz za Zagreb)<\/p>\n<p>Ostale informacije i prijave na <a href=\"http:\/\/www.husk.hr\/poziv-na-strucni-skup-sva-lica-skolskih-knjiznica\/?fbclid=IwAR0lZA9R5-QZajXRCWi6TMn-qNA-I11UdnGSObMqzQFNpyZV3N6ISxFJ91o\">LINKU.<\/a><\/p>\n<p>&nbsp;<\/p>\n","protected":false},"excerpt":{"rendered":"<p>Povodom obilje\u017eavanja Me\u0111unarodnoga mjeseca \u0161kolskih knji\u017enica 2018. Hrvatska udruga \u0161kolskih knji\u017eni\u010dara organizira osmi samostalni stru\u010dni skup pod nazivom Sva lica \u0161kolskih knji\u017enica. Skup \u0107e se odr\u017eati 19. i 20. listopada&#8230; <\/p>\n","protected":false},"author":2,"featured_media":1734,"comment_status":"open","ping_status":"open","sticky":false,"template":"","format":"standard","meta":{"pgc_meta":"","spay_email":""},"categories":[4,11],"tags":[],"jetpack_featured_media_url":"https:\/\/dkst.hr\/wp-content\/uploads\/2018\/10\/HUSK_logotip1.jpg","_links":{"self":[{"href":"https:\/\/dkst.hr\/index.php?rest_route=\/wp\/v2\/posts\/1733"}],"collection":[{"href":"https:\/\/dkst.hr\/index.php?rest_route=\/wp\/v2\/posts"}],"about":[{"href":"https:\/\/dkst.hr\/index.php?rest_route=\/wp\/v2\/types\/post"}],"author":[{"embeddable":true,"href":"https:\/\/dkst.hr\/index.php?rest_route=\/wp\/v2\/users\/2"}],"replies":[{"embeddable":true,"href":"https:\/\/dkst.hr\/index.php?rest_route=%2Fwp%2Fv2%2Fcomments&post=1733"}],"version-history":[{"count":1,"href":"https:\/\/dkst.hr\/index.php?rest_route=\/wp\/v2\/posts\/1733\/revisions"}],"predecessor-version":[{"id":1735,"href":"https:\/\/dkst.hr\/index.php?rest_route=\/wp\/v2\/posts\/1733\/revisions\/1735"}],"wp:featuredmedia":[{"embeddable":true,"href":"https:\/\/dkst.hr\/index.php?rest_route=\/wp\/v2\/media\/1734"}],"wp:attachment":[{"href":"https:\/\/dkst.hr\/index.php?rest_route=%2Fwp%2Fv2%2Fmedia&parent=1733"}],"wp:term":[{"taxonomy":"category","embeddable":true,"href":"https:\/\/dkst.hr\/index.php?rest_route=%2Fwp%2Fv2%2Fcategories&post=1733"},{"taxonomy":"post_tag","embeddable":true,"href":"https:\/\/dkst.hr\/index.php?rest_route=%2Fwp%2Fv2%2Ftags&post=1733"}],"curies":[{"name":"wp","href":"https:\/\/api.w.org\/{rel}","templated":true}]}}