{"id":1581,"date":"2018-05-22T13:30:14","date_gmt":"2018-05-22T13:30:14","guid":{"rendered":"http:\/\/dkst.hr\/?p=1581"},"modified":"2018-05-22T13:31:07","modified_gmt":"2018-05-22T13:31:07","slug":"zana-siminiati-violic-izabrana-u-zvanje-vise-knjiznicarke","status":"publish","type":"post","link":"https:\/\/dkst.hr\/?p=1581","title":{"rendered":"\u017dana Siminiati Violi\u0107 izabrana u zvanje vi\u0161e knji\u017eni\u010darke"},"content":{"rendered":"<p>Kolegica \u017dana Siminiati Violi\u0107, voditeljica Knji\u017enice Umjetni\u010dke akademije u Splitu, izabrana je u zvanje vi\u0161e knji\u017eni\u010darke.<br \/>\nIskrene \u010destitke!<\/p>\n","protected":false},"excerpt":{"rendered":"<p>Kolegica \u017dana Siminiati Violi\u0107, voditeljica Knji\u017enice Umjetni\u010dke akademije u Splitu, izabrana je u zvanje vi\u0161e knji\u017eni\u010darke. Iskrene \u010destitke!<\/p>\n","protected":false},"author":2,"featured_media":1582,"comment_status":"open","ping_status":"open","sticky":false,"template":"","format":"standard","meta":{"pgc_meta":"","spay_email":""},"categories":[4],"tags":[],"jetpack_featured_media_url":"https:\/\/dkst.hr\/wp-content\/uploads\/2018\/05\/ana-e1526995852235.jpg","_links":{"self":[{"href":"https:\/\/dkst.hr\/index.php?rest_route=\/wp\/v2\/posts\/1581"}],"collection":[{"href":"https:\/\/dkst.hr\/index.php?rest_route=\/wp\/v2\/posts"}],"about":[{"href":"https:\/\/dkst.hr\/index.php?rest_route=\/wp\/v2\/types\/post"}],"author":[{"embeddable":true,"href":"https:\/\/dkst.hr\/index.php?rest_route=\/wp\/v2\/users\/2"}],"replies":[{"embeddable":true,"href":"https:\/\/dkst.hr\/index.php?rest_route=%2Fwp%2Fv2%2Fcomments&post=1581"}],"version-history":[{"count":1,"href":"https:\/\/dkst.hr\/index.php?rest_route=\/wp\/v2\/posts\/1581\/revisions"}],"predecessor-version":[{"id":1583,"href":"https:\/\/dkst.hr\/index.php?rest_route=\/wp\/v2\/posts\/1581\/revisions\/1583"}],"wp:featuredmedia":[{"embeddable":true,"href":"https:\/\/dkst.hr\/index.php?rest_route=\/wp\/v2\/media\/1582"}],"wp:attachment":[{"href":"https:\/\/dkst.hr\/index.php?rest_route=%2Fwp%2Fv2%2Fmedia&parent=1581"}],"wp:term":[{"taxonomy":"category","embeddable":true,"href":"https:\/\/dkst.hr\/index.php?rest_route=%2Fwp%2Fv2%2Fcategories&post=1581"},{"taxonomy":"post_tag","embeddable":true,"href":"https:\/\/dkst.hr\/index.php?rest_route=%2Fwp%2Fv2%2Ftags&post=1581"}],"curies":[{"name":"wp","href":"https:\/\/api.w.org\/{rel}","templated":true}]}}